{"id":2398,"date":"2025-02-10T10:57:20","date_gmt":"2025-02-10T09:57:20","guid":{"rendered":"https:\/\/www.albert-le-grand.com\/?p=2398"},"modified":"2026-01-15T18:12:01","modified_gmt":"2026-01-15T17:12:01","slug":"1ere-communion-2025","status":"publish","type":"post","link":"https:\/\/www.albert-le-grand.com\/index.php\/2025\/02\/10\/1ere-communion-2025\/","title":{"rendered":"1\u00e8re communion 2025"},"content":{"rendered":"\n[et_pb_section fb_built=\u00a0\u00bb1&Prime; theme_builder_area=\u00a0\u00bbpost_content\u00a0\u00bb _builder_version=\u00a0\u00bb4.25.1&Prime; _module_preset=\u00a0\u00bbdefault\u00a0\u00bb][et_pb_row _builder_version=\u00a0\u00bb4.25.1&Prime; _module_preset=\u00a0\u00bbdefault\u00a0\u00bb theme_builder_area=\u00a0\u00bbpost_content\u00a0\u00bb][et_pb_column _builder_version=\u00a0\u00bb4.25.1&Prime; _module_preset=\u00a0\u00bbdefault\u00a0\u00bb type=\u00a0\u00bb4_4&Prime; theme_builder_area=\u00a0\u00bbpost_content\u00a0\u00bb][et_pb_text _builder_version=\u00a0\u00bb4.25.1&Prime; _module_preset=\u00a0\u00bbdefault\u00a0\u00bb theme_builder_area=\u00a0\u00bbpost_content\u00a0\u00bb hover_enabled=\u00a0\u00bb0&Prime; sticky_enabled=\u00a0\u00bb0&Prime;]<p>Ce samedi 8 f\u00e9vrier se d\u00e9roulait la c\u00e9l\u00e9bration de 1\u00e8re communion pour nos jeunes de l&rsquo;\u00e9cole. Notre aum\u00f4nier, le P\u00e8re Corentin, pr\u00e9sidait cette eucharistie en l&rsquo;\u00e9glise Saint Paul du couvent dominicain.<\/p>[\/et_pb_text][\/et_pb_column][\/et_pb_row][et_pb_row _builder_version=\u00a0\u00bb4.25.1&Prime; _module_preset=\u00a0\u00bbdefault\u00a0\u00bb theme_builder_area=\u00a0\u00bbpost_content\u00a0\u00bb][et_pb_column _builder_version=\u00a0\u00bb4.25.1&Prime; _module_preset=\u00a0\u00bbdefault\u00a0\u00bb type=\u00a0\u00bb4_4&Prime; theme_builder_area=\u00a0\u00bbpost_content\u00a0\u00bb][et_pb_gallery _builder_version=\u00a0\u00bb4.25.1&Prime; _module_preset=\u00a0\u00bbdefault\u00a0\u00bb theme_builder_area=\u00a0\u00bbpost_content\u00a0\u00bb gallery_ids=\u00a0\u00bb2394,2393,2392,2395,2396,2397&Prime; show_pagination=\u00a0\u00bboff\u00a0\u00bb show_title_and_caption=\u00a0\u00bboff\u00a0\u00bb hover_enabled=\u00a0\u00bb0&Prime; sticky_enabled=\u00a0\u00bb0&Prime;][\/et_pb_gallery][\/et_pb_column][\/et_pb_row][\/et_pb_section]\n","protected":false},"excerpt":{"rendered":"<p>Ce samedi 8 f\u00e9vrier se d\u00e9roulait la c\u00e9l\u00e9bration de 1\u00e8re communion pour nos jeunes de l&rsquo;\u00e9cole. Notre aum\u00f4nier, le P\u00e8re Corentin, pr\u00e9sidait cette eucharistie en l&rsquo;\u00e9glise Saint Paul du couvent dominicain.<\/p>\n","protected":false},"author":1,"featured_media":2393,"comment_status":"open","ping_status":"open","sticky":false,"template":"","format":"standard","meta":{"_et_pb_use_builder":"on","_et_pb_old_content":"","_et_gb_content_width":"","footnotes":""},"categories":[9],"tags":[],"class_list":["post-2398","post","type-post","status-publish","format-standard","has-post-thumbnail","hentry","category-ecole"],"_links":{"self":[{"href":"https:\/\/www.albert-le-grand.com\/index.php\/wp-json\/wp\/v2\/posts\/2398","targetHints":{"allow":["GET"]}}],"collection":[{"href":"https:\/\/www.albert-le-grand.com\/index.php\/wp-json\/wp\/v2\/posts"}],"about":[{"href":"https:\/\/www.albert-le-grand.com\/index.php\/wp-json\/wp\/v2\/types\/post"}],"author":[{"embeddable":true,"href":"https:\/\/www.albert-le-grand.com\/index.php\/wp-json\/wp\/v2\/users\/1"}],"replies":[{"embeddable":true,"href":"https:\/\/www.albert-le-grand.com\/index.php\/wp-json\/wp\/v2\/comments?post=2398"}],"version-history":[{"count":3,"href":"https:\/\/www.albert-le-grand.com\/index.php\/wp-json\/wp\/v2\/posts\/2398\/revisions"}],"predecessor-version":[{"id":2852,"href":"https:\/\/www.albert-le-grand.com\/index.php\/wp-json\/wp\/v2\/posts\/2398\/revisions\/2852"}],"wp:featuredmedia":[{"embeddable":true,"href":"https:\/\/www.albert-le-grand.com\/index.php\/wp-json\/wp\/v2\/media\/2393"}],"wp:attachment":[{"href":"https:\/\/www.albert-le-grand.com\/index.php\/wp-json\/wp\/v2\/media?parent=2398"}],"wp:term":[{"taxonomy":"category","embeddable":true,"href":"https:\/\/www.albert-le-grand.com\/index.php\/wp-json\/wp\/v2\/categories?post=2398"},{"taxonomy":"post_tag","embeddable":true,"href":"https:\/\/www.albert-le-grand.com\/index.php\/wp-json\/wp\/v2\/tags?post=2398"}],"curies":[{"name":"wp","href":"https:\/\/api.w.org\/{rel}","templated":true}]}}